{"id":11,"count":1,"description":"Artigos voltados para a import\u00e2ncia de uma gest\u00e3o de res\u00edduos respons\u00e1vel e como isso impacta a imagem da empresa e sua contribui\u00e7\u00e3o social.\r\n","link":"https:\/\/propostadigital.diamondpublioficial.com.br\/alanlog\/category\/blog\/responsabilidade-corporativa\/","name":"Responsabilidade Corporativa","slug":"responsabilidade-corporativa","taxonomy":"category","parent":1,"meta":[],"_links":{"self":[{"href":"https:\/\/propostadigital.diamondpublioficial.com.br\/alanlog\/wp-json\/wp\/v2\/categories\/11","targetHints":{"allow":["GET"]}}],"collection":[{"href":"https:\/\/propostadigital.diamondpublioficial.com.br\/alanlog\/wp-json\/wp\/v2\/categories"}],"about":[{"href":"https:\/\/propostadigital.diamondpublioficial.com.br\/alanlog\/wp-json\/wp\/v2\/taxonomies\/category"}],"up":[{"embeddable":true,"href":"https:\/\/propostadigital.diamondpublioficial.com.br\/alanlog\/wp-json\/wp\/v2\/categories\/1"}],"wp:post_type":[{"href":"https:\/\/propostadigital.diamondpublioficial.com.br\/alanlog\/wp-json\/wp\/v2\/posts?categories=11"}],"curies":[{"name":"wp","href":"https:\/\/api.w.org\/{rel}","templated":true}]}}